{"id":907,"date":"2021-02-02T16:38:00","date_gmt":"2021-02-02T16:38:00","guid":{"rendered":"https:\/\/be.tamtamtribu.com\/?p=907"},"modified":"2021-10-08T19:06:47","modified_gmt":"2021-10-08T19:06:47","slug":"tina-del-vecchio-se-joint-a-brossard-ensemble","status":"publish","type":"post","link":"https:\/\/partibrossardensemble.org\/fr\/tina-del-vecchio-se-joint-a-brossard-ensemble\/","title":{"rendered":"Tina del Vecchio se joint \u00e0 Brossard Ensemble"},"content":{"rendered":"\n\t\t<div class=\"wppdfemb-frame-container-1\" style=\"-webkit-overflow-scrolling:auto;\">\n\t\t\t<iframe class=\"pdfembed-iframe nonfullscreen wppdf-emb-iframe-1\"\n\t\t\t\tsrc=\"https:\/\/partibrossardensemble.org\/fr\/?pdfemb-data=eyJwZGZJRCI6ODgwLCJ1cmwiOiJodHRwczpcL1wvYmUudGFtdGFtdHJpYnUuY29tXC93cC1jb250ZW50XC91cGxvYWRzXC8yMDIxXC8wN1wvMjEwMjAyX1RpbmEtRGVsLVZlY2NoaW8ucGRmIiwiaW5kZXgiOjF9\"\n\t\t\t\tdata-pdf-id=\"880\"\n\t\t\t\tdata-pdf-index=\"1\"\n\t\t\t\tstyle=\"border:none;width:100%;max-width:100%;height:100vh;\"\n\t\t\t\tscrolling=\"yes\">\n\t\t\t<\/iframe>\n\t\t<\/div>\n\n\t\t\n<p class=\"wp-block-pdfemb-pdf-embedder-viewer\"><\/p>\n\n\n\n<p><\/p>\n","protected":false},"excerpt":{"rendered":"<p>\u00ab Apr\u00e8s autant d\u2019ann\u00e9es \u00e0 oeuvrer dans la communaut\u00e9, faire plus, c\u2019est prendre la d\u00e9cision d\u2019amener ce feu sacr\u00e9 \u00e0 un autre niveau afin de servir les Brossardoises et les Brossardois \u00e0 titre de conseill\u00e8re municipale. Parce que l\u2019\u00e9quipe de Brossard Ensemble et la cheffe Doreen Assaad ont d\u00e9montr\u00e9 depuis leur tout d\u00e9but leur volont\u00e9 de mettre les citoyens au coeur de toutes leurs d\u00e9cisions, j\u2019ai choisi de me joindre au parti. L\u2019espoir en l\u2019avenir repose sur la proximit\u00e9 entre les \u00e9lus et les citoyens ainsi que sur une \u00e9quipe qui met les int\u00e9r\u00eats de la communaut\u00e9 avant les leurs \u00bb, rench\u00e9rit madame Del Vecchio.<\/p>\n","protected":false},"author":2,"featured_media":270,"comment_status":"open","ping_status":"open","sticky":false,"template":"","format":"standard","meta":{"_et_pb_use_builder":"","_et_pb_old_content":"","_et_gb_content_width":"","footnotes":""},"categories":[24,23,7],"tags":[],"class_list":["post-907","post","type-post","status-publish","format-standard","has-post-thumbnail","hentry","category-communique-anglais","category-communique-francais","category-publications"],"featured_image_src":"https:\/\/partibrossardensemble.org\/wp-content\/uploads\/2021\/07\/TinaDePhotoGroupe_r0.png","author_info":{"display_name":"Gaston Huot","author_link":"https:\/\/partibrossardensemble.org\/fr\/author\/huogas\/"},"_links":{"self":[{"href":"https:\/\/partibrossardensemble.org\/fr\/wp-json\/wp\/v2\/posts\/907","targetHints":{"allow":["GET"]}}],"collection":[{"href":"https:\/\/partibrossardensemble.org\/fr\/wp-json\/wp\/v2\/posts"}],"about":[{"href":"https:\/\/partibrossardensemble.org\/fr\/wp-json\/wp\/v2\/types\/post"}],"author":[{"embeddable":true,"href":"https:\/\/partibrossardensemble.org\/fr\/wp-json\/wp\/v2\/users\/2"}],"replies":[{"embeddable":true,"href":"https:\/\/partibrossardensemble.org\/fr\/wp-json\/wp\/v2\/comments?post=907"}],"version-history":[{"count":2,"href":"https:\/\/partibrossardensemble.org\/fr\/wp-json\/wp\/v2\/posts\/907\/revisions"}],"predecessor-version":[{"id":950,"href":"https:\/\/partibrossardensemble.org\/fr\/wp-json\/wp\/v2\/posts\/907\/revisions\/950"}],"wp:featuredmedia":[{"embeddable":true,"href":"https:\/\/partibrossardensemble.org\/fr\/wp-json\/wp\/v2\/media\/270"}],"wp:attachment":[{"href":"https:\/\/partibrossardensemble.org\/fr\/wp-json\/wp\/v2\/media?parent=907"}],"wp:term":[{"taxonomy":"category","embeddable":true,"href":"https:\/\/partibrossardensemble.org\/fr\/wp-json\/wp\/v2\/categories?post=907"},{"taxonomy":"post_tag","embeddable":true,"href":"https:\/\/partibrossardensemble.org\/fr\/wp-json\/wp\/v2\/tags?post=907"}],"curies":[{"name":"wp","href":"https:\/\/api.w.org\/{rel}","templated":true}]}}