{"id":2769,"date":"2021-09-17T15:23:18","date_gmt":"2021-09-17T15:23:18","guid":{"rendered":"https:\/\/partibrossardensemble.org\/?p=2769"},"modified":"2021-10-08T19:14:38","modified_gmt":"2021-10-08T19:14:38","slug":"creation-dun-parc-metropolitain-agricole-a-brossard","status":"publish","type":"post","link":"https:\/\/partibrossardensemble.org\/en\/creation-dun-parc-metropolitain-agricole-a-brossard\/","title":{"rendered":"Cr\u00e9ation d\u2019un parc m\u00e9tropolitain agricole \u00e0 Brossard"},"content":{"rendered":"\n<figure class=\"wp-block-image size-large\"><img loading=\"lazy\" decoding=\"async\" width=\"1024\" height=\"979\" src=\"https:\/\/partibrossardensemble.org\/wp-content\/uploads\/2021\/09\/Journal-de-Montreal-Parc-Metropolitain-a-Brossard-1-1024x979.png\" alt=\"\" class=\"wp-image-2776\" srcset=\"https:\/\/partibrossardensemble.org\/wp-content\/uploads\/2021\/09\/Journal-de-Montreal-Parc-Metropolitain-a-Brossard-1-980x937.png 980w, https:\/\/partibrossardensemble.org\/wp-content\/uploads\/2021\/09\/Journal-de-Montreal-Parc-Metropolitain-a-Brossard-1-480x459.png 480w\" sizes=\"(min-width: 0px) and (max-width: 480px) 480px, (min-width: 481px) and (max-width: 980px) 980px, (min-width: 981px) 1024px, 100vw\" \/><figcaption><strong>Journal de Montr\u00e9al, 17 septembre 2021<\/strong><\/figcaption><\/figure>\n\n\n\n<p><strong>Un parc m\u00e9tropolitain agricole va \u00eatre cr\u00e9\u00e9 aux abords de la future station terminale du R\u00e9seau express m\u00e9tropolitaine (REM), \u00e0 Brossard, en Mont\u00e9r\u00e9gie.<\/strong>&nbsp;<\/p>\n\n\n\n<p>Pour ce faire, la Ville de Brossard et la Communaut\u00e9 m\u00e9tropolitaine de Montr\u00e9al (CMM) ont conclu une entente de principe afin de collaborer dans ce projet, qui s\u2019inscrit dans le cadre du Plan m\u00e9tropolitain de d\u00e9veloppement agricole.https:\/\/d320a22da593f2b9ead42297048f32f4.safeframe.googlesyndication.com\/safeframe\/1-0-38\/html\/container.html<\/p>\n\n\n\n<p>Un terrain de plus de 20 hectares devra ainsi \u00eatre acquis \u00e0 proximit\u00e9 du carrefour des autoroutes 10 et 30.<\/p>\n\n\n\n<p>Les deux partenaires ont pr\u00e9cis\u00e9 vendredi qu\u2019ils vont \u0153uvrer en partenariat pour am\u00e9nager et exploiter le site, mettre en place une structure de gouvernance et planifier les activit\u00e9s qui y seront tenues.<\/p>\n\n\n\n<p>\u00abCe parc permettra non seulement de valoriser les activit\u00e9s agricoles et d\u2019accro\u00eetre la superficie globale de terres cultiv\u00e9es dans le Grand Montr\u00e9al, un objectif important du Plan m\u00e9tropolitain d\u2019am\u00e9nagement et de d\u00e9veloppement (PMAD), mais sa mise en place contribuera \u00e9galement au rapprochement des communaut\u00e9s urbaines et rurales en favorisant l\u2019acc\u00e8s du grand public \u00e0 des produits agricoles locaux, en plus de limiter l\u2019\u00e9talement urbain autour de la station terminale\u00bb, a indiqu\u00e9 le directeur g\u00e9n\u00e9ral de la CMM, Massimo Iezzoni, par communiqu\u00e9.<\/p>\n\n\n\n<p>\u00abCette entente historique pour la pr\u00e9servation des milieux agricoles et naturels est n\u00e9e d\u2019une concertation sans pr\u00e9c\u00e9dent entre CDPQ Infra, l\u2019Union des producteurs agricoles (UPA), la CMM et la Ville de Brossard. La proximit\u00e9 de ce nouveau parc m\u00e9tropolitain agricole avec le Bois de Brossard, qui est l\u2019une des grandes richesses \u00e9cologiques de la Mont\u00e9r\u00e9gie, permet d\u2019entrevoir le d\u00e9ploiement de projets porteurs r\u00e9sultant de la synergie entre ces espaces d\u00e9di\u00e9s \u00e0 la production locale et \u00e0 la pr\u00e9servation de notre environnement\u00bb, a soulign\u00e9 la mairesse de Brossard, Doreen Assaad.<\/p>\n\n\n\n<p><a href=\"https:\/\/www.journaldemontreal.com\/2021\/09\/17\/creation-dun-parc-metropolitain-agricole-a-brossard\" target=\"_blank\" rel=\"noreferrer noopener\">Pour voir l&#8217;article<\/a><\/p>\n","protected":false},"excerpt":{"rendered":"<p>Un parc m\u00e9tropolitain agricole va \u00eatre cr\u00e9\u00e9 aux abords de la future station terminale du R\u00e9seau express m\u00e9tropolitaine (REM), \u00e0 Brossard, en Mont\u00e9r\u00e9gie.&nbsp; Pour ce faire, la Ville de Brossard et la Communaut\u00e9 m\u00e9tropolitaine de Montr\u00e9al (CMM) ont conclu une entente de principe afin de collaborer dans ce projet, qui s\u2019inscrit dans le cadre du [&hellip;]<\/p>\n","protected":false},"author":2,"featured_media":2771,"comment_status":"open","ping_status":"open","sticky":false,"template":"","format":"standard","meta":{"_et_pb_use_builder":"","_et_pb_old_content":"","_et_gb_content_width":"","footnotes":""},"categories":[6],"tags":[],"class_list":["post-2769","post","type-post","status-publish","format-standard","has-post-thumbnail","hentry","category-revuedepresse"],"featured_image_src":"https:\/\/partibrossardensemble.org\/wp-content\/uploads\/2021\/09\/Journal-de-Montreal-Parc-Metropolitain-a-Brossard.png","author_info":{"display_name":"Gaston Huot","author_link":"https:\/\/partibrossardensemble.org\/en\/author\/huogas\/"},"_links":{"self":[{"href":"https:\/\/partibrossardensemble.org\/en\/wp-json\/wp\/v2\/posts\/2769","targetHints":{"allow":["GET"]}}],"collection":[{"href":"https:\/\/partibrossardensemble.org\/en\/wp-json\/wp\/v2\/posts"}],"about":[{"href":"https:\/\/partibrossardensemble.org\/en\/wp-json\/wp\/v2\/types\/post"}],"author":[{"embeddable":true,"href":"https:\/\/partibrossardensemble.org\/en\/wp-json\/wp\/v2\/users\/2"}],"replies":[{"embeddable":true,"href":"https:\/\/partibrossardensemble.org\/en\/wp-json\/wp\/v2\/comments?post=2769"}],"version-history":[{"count":4,"href":"https:\/\/partibrossardensemble.org\/en\/wp-json\/wp\/v2\/posts\/2769\/revisions"}],"predecessor-version":[{"id":2780,"href":"https:\/\/partibrossardensemble.org\/en\/wp-json\/wp\/v2\/posts\/2769\/revisions\/2780"}],"wp:featuredmedia":[{"embeddable":true,"href":"https:\/\/partibrossardensemble.org\/en\/wp-json\/wp\/v2\/media\/2771"}],"wp:attachment":[{"href":"https:\/\/partibrossardensemble.org\/en\/wp-json\/wp\/v2\/media?parent=2769"}],"wp:term":[{"taxonomy":"category","embeddable":true,"href":"https:\/\/partibrossardensemble.org\/en\/wp-json\/wp\/v2\/categories?post=2769"},{"taxonomy":"post_tag","embeddable":true,"href":"https:\/\/partibrossardensemble.org\/en\/wp-json\/wp\/v2\/tags?post=2769"}],"curies":[{"name":"wp","href":"https:\/\/api.w.org\/{rel}","templated":true}]}}